{"id":571,"date":"2012-12-31T19:48:17","date_gmt":"2012-12-31T18:48:17","guid":{"rendered":"http:\/\/iow.no-ip.com\/?p=571"},"modified":"2012-12-31T19:48:17","modified_gmt":"2012-12-31T18:48:17","slug":"elogio-della-complessita","status":"publish","type":"post","link":"https:\/\/www.italiaonwine.net\/?p=571","title":{"rendered":"Elogio della complessit\u00e0"},"content":{"rendered":"<p>Ultime ore di questo 2012. Un anno strano, per certi versi \u00e8 stato dirompente, per altri avvilente, ricco di esperienze distruttive, di molte altre costruttive. Strano perch\u00e8 ho l&#8217;impressione che si cerchi di enfatizzare gli aspetti negativi e ignorare quelli positivi, quasi che si voglia veder nero, in una sorta di depressione riduzionistica.<\/p>\n<p>Ma in queste ultime ore, mi riecheggia in mente un&#8217;espressione, secondo la quale pare ci siano tre argomenti di cui \u00e8 inutile discutere: politica, sport, e religione. Non ricordo di preciso dove io abbia udito queste parole, paradossalmente \u00e8 probabile che l&#8217;ultimo dal quale io le abbia ascoltate sia un sacerdote durante un&#8217;omelia. Il che \u00e8 tutto dire.<br \/>\nE al contempo, saranno mesi che mi frulla in testa la frase che ho scelto come titolo. Anche qui, mi sembra di non esserne l&#8217;autore, tuttavia incarna decisamente lo stile nel quale ho cercato di vivere quest&#8217;anno, gli anni passati, e che mi prefiggo per i prossimi.<\/p>\n<p>Credo che il punto non sia tanto l&#8217;argomento in s\u00e8, ma quanto arrivare a considerare le proprie idee perfette per s\u00e8 stessi, per poi pretendere di imporle agli altri. Quasi fosse un credo, cosa che va ben oltre la propria fede religiosa. Probabilmente \u00e8 nel momento in cui la fede diventa un credo che si diventa degli invasati, e questo per ogni altro aspetto della propria vita, per ogni altra personale idea: da quale marca di computer sia la migliore, a quale compagnia telefonica sia davvero conveniente, a quale spiegazione della psiche umana sia la pi\u00f9 vera, scientifica, completa.<br \/>\nE di qui anche alle persone che abbiamo davanti: lui \u00e8 brutto, l&#8217;altro \u00e8 bello, lei \u00e8 intelligente, no \u00e8 una oca giuliva.<br \/>\n<img decoding=\"async\" src=\"wp-content\/uploads\/2012\/12\/personality.jpg\" alt=\"\" width=\"500\" \/><br \/>\nSempre il riduzionismo. Il mio chiodo fisso. Anche quest&#8217;anno mi guardo attorno e non posso non pensarci. Il non riuscire a cogliere la minima sfumatura di grigio, forse per pigrizia, forse per necessit\u00e0. E come sia pi\u00f9 semplice portare avanti un&#8217;idea della quale si \u00e8 fermamente convinti senza voler neanche porsi il dubbio che possa esservi spazio per qualcosa di differente, non necessariamente migliore, tantomeno peggiore.<\/p>\n<p>Penso a com&#8217;ero qualche anno fa, penso a come sono ora. Al percorso fatto, a ogni passo. A ci\u00f2 che ho lasciato indietro, a chi ho lasciato indietro. A quanta fatica si fa a guardare direttamente il mondo a colori, a guardarsi interi allo specchio, invece che limitarsi a un abbozzo in bianco e nero, senza sfumature.<br \/>\nPenso a quanto mi costa aver scelto di essere cos\u00ec, alla difficolt\u00e0 di essere accettato in tutti i miei aspetti, di essere accettato perch\u00e8 mi sforzo di guardare la realt\u00e0 da quante pi\u00f9 angolazioni possibili. Perch\u00e8 non voglio limitarmi ad esistere.<\/p>\n<p>A quanto possa dar fastidio questo mio modo di essere a chi fa del sistema binario e del narcisimo le proprie bandiere. Non solo per scelta, credo, ma anche per necessit\u00e0 personale, o per risorse limitate.<\/p>\n<p>Sta per iniziare un nuovo anno, e forse si apre davanti a me una scelta. Un p\u00f2 obbligata, devo dire, tanto che mi chiedo quasi se sia davvero una scelta o se sia un obbligo che sto cercando di mascherare a me stesso.<br \/>\nE in questo mascheramento, voglio essere certo che anche questa fase debba essere vissuta. Tra l&#8217;altro, non si tratta di abbandonare, in modo rigido e definitivo, quello che sono, ci\u00f2 che ho appreso in questi anni, e l&#8217;ambito nel quale vorrei esprimermi professionalmente, ma piuttosto di affrontare anche questa esperienza, forse momentanea, forse un p\u00f2 meno momentanea, e di non dimenticare ci\u00f2 che sono, e ci\u00f2 che miro a diventare.<\/p>\n<p>Di fronte alle rigidit\u00e0 del mondo, che mi fanno quasi pensare di vivere assediato in un contesto psicotico, questo \u00e8 l&#8217;impegno che mi prefiggo. E chiss\u00e0 che un domani, guardandomi indietro, non possa trovare un significato non solo a quello che sembra essere un ritorno al passato, ma anche agli eventi difficili vissuti in quest&#8217;anno. Senza dimenticare. Niente.<\/p>\n","protected":false},"excerpt":{"rendered":"<p>Ultime ore di questo 2012. Un anno strano, per certi versi \u00e8 stato dirompente, per altri avvilente, ricco di esperienze distruttive, di molte altre costruttive. Strano perch\u00e8 ho l&#8217;impressione che si cerchi di enfatizzare gli aspetti negativi e ignorare quelli positivi, quasi che si voglia veder nero, in una sorta di depressione riduzionistica.<\/p>\n<p>Ma in queste ultime ore, mi riecheggia in mente un&#8217;espressione, secondo la quale pare ci siano tre argomenti di cui \u00e8 inutile discutere: politica, sport, e religione. Non ricordo di preciso dove io abbia udito queste parole, paradossalmente \u00e8 probabile che l&#8217;ultimo dal quale io le abbia ascoltate sia un sacerdote durante un&#8217;omelia. Il che \u00e8 tutto dire.<br \/>\nE al contempo, saranno mesi che mi frulla in testa la frase che ho scelto come titolo. Anche qui, mi sembra di non esserne l&#8217;autore, tuttavia incarna decisamente lo stile nel quale ho cercato di vivere quest&#8217;anno, gli anni passati, e che mi prefiggo per i prossimi.<\/p>\n<p>Credo che il punto non sia tanto l&#8217;argomento in s\u00e8, ma quanto arrivare a considerare le proprie idee perfette per s\u00e8 stessi, per poi pretendere di imporle agli altri. Quasi fosse un credo, cosa che va ben oltre la propria fede religiosa. Probabilmente \u00e8 nel momento in cui la fede diventa un credo che si diventa degli invasati, e questo per ogni altro aspetto della propria vita, per ogni altra personale idea: da quale marca di computer sia la migliore, a quale compagnia telefonica sia davvero conveniente, a quale spiegazione della psiche umana sia la pi\u00f9 vera, scientifica, completa.<br \/>\nE di qui anche alle persone che abbiamo davanti: lui \u00e8 brutto, l&#8217;altro \u00e8 bello, lei \u00e8 intelligente, no \u00e8 una oca giuliva.<br \/>\n<img decoding=\"async\" src=\"wp-content\/uploads\/2012\/12\/personality.jpg\" alt=\"\" width=\"500\" \/><br \/>\nSempre il riduzionismo. Il mio chiodo fisso. Anche quest&#8217;anno mi guardo attorno e non posso non pensarci. Il non riuscire a cogliere la minima sfumatura di grigio, forse per pigrizia, forse per necessit\u00e0. E come sia pi\u00f9 semplice portare avanti un&#8217;idea della quale si \u00e8 fermamente convinti senza voler neanche porsi il dubbio che possa esservi spazio per qualcosa di differente, non necessariamente migliore, tantomeno peggiore.<\/p>\n<p>Penso a com&#8217;ero qualche anno fa, penso a come sono ora. Al percorso fatto, a ogni passo. A ci\u00f2 che ho lasciato indietro, a chi ho lasciato indietro. A quanta fatica si fa a guardare direttamente il mondo a colori, a guardarsi interi allo specchio, invece che limitarsi a un abbozzo in bianco e nero, senza sfumature.<br \/>\nPenso a quanto mi costa aver scelto di essere cos\u00ec, alla difficolt\u00e0 di essere accettato in tutti i miei aspetti, di essere accettato perch\u00e8 mi sforzo di guardare la realt\u00e0 da quante pi\u00f9 angolazioni possibili. Perch\u00e8 non voglio limitarmi ad esistere.<\/p>\n<p>A quanto possa dar fastidio questo mio modo di essere a chi fa del sistema binario e del narcisimo le proprie bandiere. Non solo per scelta, credo, ma anche per necessit\u00e0 personale, o per risorse limitate.<\/p>\n<p>Sta per iniziare un nuovo anno, e forse si apre davanti a me una scelta. Un p\u00f2 obbligata, devo dire, tanto che mi chiedo quasi se sia davvero una scelta o se sia un obbligo che sto cercando di mascherare a me stesso.<br \/>\nE in questo mascheramento, voglio essere certo che anche questa fase debba essere vissuta. Tra l&#8217;altro, non si tratta di abbandonare, in modo rigido e definitivo, quello che sono, ci\u00f2 che ho appreso in questi anni, e l&#8217;ambito nel quale vorrei esprimermi professionalmente, ma piuttosto di affrontare anche questa esperienza, forse momentanea, forse un p\u00f2 meno momentanea, e di non dimenticare ci\u00f2 che sono, e ci\u00f2 che miro a diventare.<\/p>\n<p>Di fronte alle rigidit\u00e0 del mondo, che mi fanno quasi pensare di vivere assediato in un contesto psicotico, questo \u00e8 l&#8217;impegno che mi prefiggo. E chiss\u00e0 che un domani, guardandomi indietro, non possa trovare un significato non solo a quello che sembra essere un ritorno al passato, ma anche agli eventi difficili vissuti in quest&#8217;anno. Senza dimenticare. Niente.<\/p>\n","protected":false},"author":1,"featured_media":0,"comment_status":"open","ping_status":"open","sticky":false,"template":"","format":"standard","meta":{"footnotes":""},"categories":[3],"tags":[],"_links":{"self":[{"href":"https:\/\/www.italiaonwine.net\/index.php?rest_route=\/wp\/v2\/posts\/571"}],"collection":[{"href":"https:\/\/www.italiaonwine.net\/index.php?rest_route=\/wp\/v2\/posts"}],"about":[{"href":"https:\/\/www.italiaonwine.net\/index.php?rest_route=\/wp\/v2\/types\/post"}],"author":[{"embeddable":true,"href":"https:\/\/www.italiaonwine.net\/index.php?rest_route=\/wp\/v2\/users\/1"}],"replies":[{"embeddable":true,"href":"https:\/\/www.italiaonwine.net\/index.php?rest_route=%2Fwp%2Fv2%2Fcomments&post=571"}],"version-history":[{"count":2,"href":"https:\/\/www.italiaonwine.net\/index.php?rest_route=\/wp\/v2\/posts\/571\/revisions"}],"predecessor-version":[{"id":573,"href":"https:\/\/www.italiaonwine.net\/index.php?rest_route=\/wp\/v2\/posts\/571\/revisions\/573"}],"wp:attachment":[{"href":"https:\/\/www.italiaonwine.net\/index.php?rest_route=%2Fwp%2Fv2%2Fmedia&parent=571"}],"wp:term":[{"taxonomy":"category","embeddable":true,"href":"https:\/\/www.italiaonwine.net\/index.php?rest_route=%2Fwp%2Fv2%2Fcategories&post=571"},{"taxonomy":"post_tag","embeddable":true,"href":"https:\/\/www.italiaonwine.net\/index.php?rest_route=%2Fwp%2Fv2%2Ftags&post=571"}],"curies":[{"name":"wp","href":"https:\/\/api.w.org\/{rel}","templated":true}]}}