{"id":51,"date":"2005-12-17T15:40:53","date_gmt":"2005-12-17T15:40:53","guid":{"rendered":"http:\/\/iowtest.sytes.net\/?p=51"},"modified":"2005-12-17T15:40:53","modified_gmt":"2005-12-17T15:40:53","slug":"a-few-days-later","status":"publish","type":"post","link":"https:\/\/www.italiaonwine.net\/?p=51","title":{"rendered":"a few days later"},"content":{"rendered":"<p>venezia, 15 dicembre 2005, in 3no<br \/>\nSto giusto ora tornando a casa in treno. Stamattina ho fatto l&#039;esame, non mi sembra neanche male, anzi! Peccato per l&#039;errore di sbaglio sulla domanda piu&#039; banale. Qualche domanda un po&#039; piu&#039; bastardella, ma per fortuna qualcuno mi ha aiutato!<br \/>\nPoi aprofittando del tempo libero, sono andato a farmi un giro a Venezia.<br \/>\n<img src=images\/veneziadopoesame.jpg popup=false\/><br \/>\nAvevo voglia di farmi un giro cosi&#039; a zonzo come non potevo fare da un bel po&#039;, e l&#039;ho fatto. E maledetto freddo fuori e maledetto caldo in treno, ho un gran mal di testa!<br \/>\nOggi sono piu&#039; calmo e tranquillo di ieri. Non vuol dire che sia successo il miracolo, pero&#039; qualcosa deve esser successo. Sara&#039; stato che mia sorella si e&#039; scusata ieri sera per come si comporta, o la telefonata di giovanni per farmi gli auguri per l&#039;esame di oggi, o forse solo che ora posso respirare un po&#039;, ma mi sento decisamente piu&#039; leggero. Non so cosa faro&#039; lunedi, forse ieri ho esagerato a pensare di  mollare, ma non sono nemmeno sicuro di restare al lavoro. Mi limita tanto, tantissimo, non posso dedicarmi a nient&#039;altro, quando vorrei vivere di piu&#039; la mia vita come fanno i miei amici, con lavori piu&#039; tranquilli o studiando. Non avrei mai pensato di arrivare quasi a odiare le mie conoscenze e il mio talento, che mi portano a non vivere del tutto la mia vita!<br \/>\nVedremo lunedi come si mettera&#039; la situazione. Intanto questo incrocio tra treno e forno a microonde mi sta riportando verso casa&#8230;<\/p>\n<p><em>Update di sabato 17 dicembre<\/em><br \/>\nOggi veramente non so pi\u00f9 che fare! Ieri giornata di lavoro non difficile, ma logorante, ti trovi il classico cliente logorroico che rompe i maroni e non smette di arrampicarsi sugli specchi.<br \/>\nBrutti cretini, mettetevi in testa che se rompete le balle a me, non cambia una benemerita fava, a me non me ne frega uno stracazzo se avete problemi esistenziali e volete sfogarvi col primo venuto. Dentro da un&#039;orecchio, fuori dall&#039;altro. E se esagerate vi sbatto anche la porta in faccia. Chiaro? Trovatevi un altro a cui sfondare i coglioni!<br \/>\nMa la parte peggiore della giornata \u00e8 stata la riunione di ieri sera. Il discorso di Roberto mi ha proprio fatto cadere le palle. <em>&quot;E&#039; un momento difficile, bisogna stringere la cinghia e tirarsi su le maniche, impegnarsi di pi\u00f9&#8230;&quot;<\/em> Di pi\u00f9 di cosi credo sia non difficile, ma unanamente impossibile. E ho pensato anche: mo t&#039;arrangi&#8230;<br \/>\nPeccato che so massa bon, e passo par cojon.<br \/>\nElogi al reparto commerciale, nemmeno un misero &#039;grazie&#039; ai tecnici. Che poi a sorpresa \u00e8 arrivato in toni decisi da Umberto. Mi ha sorpreso, anche se poi la sostanza del discorso non cambiava.<br \/>\nLa cosa migliore l&#039;ha fatta credo Marco. Ha detto: <em>non ho nulla da dire o aggiungere, dunque non dico niente. Punto.<\/em><br \/>\nPiuttosto della solita minestra trita e ritrita, ha fatto benissimo. Poi gli altri discorsi su come gestire le situazioni li si pu\u00f2 sempre fare privatamente, e ognuno si prender\u00e0 la responsabilit\u00e0 delle azioni.<br \/>\nA me \u00e8 bastato far capire a lui, e non solo, che non sono eterno, e che \u00e8 ora che si diano una mossa per non dipendere in molte cose da me. Cosa che a me sta un p\u00f2 sulle balle.<br \/>\nCome diceva&#8230; tutti utili e nessuno indispensabile&#8230;? Gi\u00e0 peccato che poi mi ha chiesto, al rinnovo contrattuale due mesi fa, 3 mesi di preavviso per quando me ne andr\u00f2, alla faccia della non indispensabilit\u00e0!<\/p>\n<p>Non so assolutamente cosa far\u00f2.<br \/>\nSo solo che non ho nessuna voglia di andar via, non mi piace gettare la spugna, non \u00e8 da me.<br \/>\nNon mi trovo male!<br \/>\nMa si sta giocando troppo sulla spremitura dei dipendenti. Piuttosto che investire, si cerca di tirare la corda&#8230; finch\u00e9 non si tira le cuoia.<br \/>\nE io non ne ho nessuna intenzione.<\/p>\n<p>In fondo sono anche un p\u00f2 depresso. Apri gli occhi e da un mondo che credevi fosse bello, ti ritrovi in un posto dove ti raccontano la storia dell&#039;orso e realt\u00e0 ti usano fino all&#039;inverosimile. Se solo non fossi cos\u00ec ingenuo&#8230;<\/p>\n","protected":false},"excerpt":{"rendered":"<p>venezia, 15 dicembre 2005, in 3no<br \/>\nSto giusto ora tornando a casa in treno. Stamattina ho fatto l&#039;esame, non mi sembra neanche male, anzi! Peccato per l&#039;errore di sbaglio sulla domanda piu&#039; banale. Qualche domanda un po&#039; piu&#039; bastardella, ma per fortuna qualcuno mi ha aiutato!<br \/>\nPoi aprofittando del tempo libero, sono andato a farmi un giro a Venezia.<br \/>\n<img src=images\/veneziadopoesame.jpg popup=false\/><br \/>\nAvevo voglia di farmi un giro cosi&#039; a zonzo come non potevo fare da un bel po&#039;, e l&#039;ho fatto. E maledetto freddo fuori e maledetto caldo in treno, ho un gran mal di testa!<br \/>\nOggi sono piu&#039; calmo e tranquillo di ieri. Non vuol dire che sia successo il miracolo, pero&#039; qualcosa deve esser successo. Sara&#039; stato che mia sorella si e&#039; scusata ieri sera per come si comporta, o la telefonata di giovanni per farmi gli auguri per l&#039;esame di oggi, o forse solo che ora posso respirare un po&#039;, ma mi sento decisamente piu&#039; leggero. Non so cosa faro&#039; lunedi, forse ieri ho esagerato a pensare di  mollare, ma non sono nemmeno sicuro di restare al lavoro. Mi limita tanto, tantissimo, non posso dedicarmi a nient&#039;altro, quando vorrei vivere di piu&#039; la mia vita come fanno i miei amici, con lavori piu&#039; tranquilli o studiando. Non avrei mai pensato di arrivare quasi a odiare le mie conoscenze e il mio talento, che mi portano a non vivere del tutto la mia vita!<br \/>\nVedremo lunedi come si mettera&#039; la situazione. Intanto questo incrocio tra treno e forno a microonde mi sta riportando verso casa&#8230;<\/p>\n<p><em>Update di sabato 17 dicembre<\/em><br \/>\nOggi veramente non so pi\u00f9 che fare! Ieri giornata di lavoro non difficile, ma logorante, ti trovi il classico cliente logorroico che rompe i maroni e non smette di arrampicarsi sugli specchi.<br \/>\nBrutti cretini, mettetevi in testa che se rompete le balle a me, non cambia una benemerita fava, a me non me ne frega uno stracazzo se avete problemi esistenziali e volete sfogarvi col primo venuto. Dentro da un&#039;orecchio, fuori dall&#039;altro. E se esagerate vi sbatto anche la porta in faccia. Chiaro? Trovatevi un altro a cui sfondare i coglioni!<br \/>\nMa la parte peggiore della giornata \u00e8 stata la riunione di ieri sera. Il discorso di Roberto mi ha proprio fatto cadere le palle. <em>&quot;E&#039; un momento difficile, bisogna stringere la cinghia e tirarsi su le maniche, impegnarsi di pi\u00f9&#8230;&quot;<\/em> Di pi\u00f9 di cosi credo sia non difficile, ma unanamente impossibile. E ho pensato anche: mo t&#039;arrangi&#8230;<br \/>\nPeccato che so massa bon, e passo par cojon.<br \/>\nElogi al reparto commerciale, nemmeno un misero &#039;grazie&#039; ai tecnici. Che poi a sorpresa \u00e8 arrivato in toni decisi da Umberto. Mi ha sorpreso, anche se poi la sostanza del discorso non cambiava.<br \/>\nLa cosa migliore l&#039;ha fatta credo Marco. Ha detto: <em>non ho nulla da dire o aggiungere, dunque non dico niente. Punto.<\/em><br \/>\nPiuttosto della solita minestra trita e ritrita, ha fatto benissimo. Poi gli altri discorsi su come gestire le situazioni li si pu\u00f2 sempre fare privatamente, e ognuno si prender\u00e0 la responsabilit\u00e0 delle azioni.<br \/>\nA me \u00e8 bastato far capire a lui, e non solo, che non sono eterno, e che \u00e8 ora che si diano una mossa per non dipendere in molte cose da me. Cosa che a me sta un p\u00f2 sulle balle.<br \/>\nCome diceva&#8230; tutti utili e nessuno indispensabile&#8230;? Gi\u00e0 peccato che poi mi ha chiesto, al rinnovo contrattuale due mesi fa, 3 mesi di preavviso per quando me ne andr\u00f2, alla faccia della non indispensabilit\u00e0!<\/p>\n<p>Non so assolutamente cosa far\u00f2.<br \/>\nSo solo che non ho nessuna voglia di andar via, non mi piace gettare la spugna, non \u00e8 da me.<br \/>\nNon mi trovo male!<br \/>\nMa si sta giocando troppo sulla spremitura dei dipendenti. Piuttosto che investire, si cerca di tirare la corda&#8230; finch\u00e9 non si tira le cuoia.<br \/>\nE io non ne ho nessuna intenzione.<\/p>\n<p>In fondo sono anche un p\u00f2 depresso. Apri gli occhi e da un mondo che credevi fosse bello, ti ritrovi in un posto dove ti raccontano la storia dell&#039;orso e realt\u00e0 ti usano fino all&#039;inverosimile. Se solo non fossi cos\u00ec ingenuo&#8230;<\/p>\n","protected":false},"author":1,"featured_media":0,"comment_status":"open","ping_status":"open","sticky":false,"template":"","format":"standard","meta":{"footnotes":""},"categories":[3],"tags":[],"_links":{"self":[{"href":"https:\/\/www.italiaonwine.net\/index.php?rest_route=\/wp\/v2\/posts\/51"}],"collection":[{"href":"https:\/\/www.italiaonwine.net\/index.php?rest_route=\/wp\/v2\/posts"}],"about":[{"href":"https:\/\/www.italiaonwine.net\/index.php?rest_route=\/wp\/v2\/types\/post"}],"author":[{"embeddable":true,"href":"https:\/\/www.italiaonwine.net\/index.php?rest_route=\/wp\/v2\/users\/1"}],"replies":[{"embeddable":true,"href":"https:\/\/www.italiaonwine.net\/index.php?rest_route=%2Fwp%2Fv2%2Fcomments&post=51"}],"version-history":[{"count":0,"href":"https:\/\/www.italiaonwine.net\/index.php?rest_route=\/wp\/v2\/posts\/51\/revisions"}],"wp:attachment":[{"href":"https:\/\/www.italiaonwine.net\/index.php?rest_route=%2Fwp%2Fv2%2Fmedia&parent=51"}],"wp:term":[{"taxonomy":"category","embeddable":true,"href":"https:\/\/www.italiaonwine.net\/index.php?rest_route=%2Fwp%2Fv2%2Fcategories&post=51"},{"taxonomy":"post_tag","embeddable":true,"href":"https:\/\/www.italiaonwine.net\/index.php?rest_route=%2Fwp%2Fv2%2Ftags&post=51"}],"curies":[{"name":"wp","href":"https:\/\/api.w.org\/{rel}","templated":true}]}}