{"id":242,"date":"2010-04-22T23:00:38","date_gmt":"2010-04-22T23:00:38","guid":{"rendered":"http:\/\/iowtest.sytes.net\/?p=242"},"modified":"2010-04-22T23:00:38","modified_gmt":"2010-04-22T23:00:38","slug":"hai-girato-il-mondo-dentro-a-un-cuore","status":"publish","type":"post","link":"https:\/\/www.italiaonwine.net\/?p=242","title":{"rendered":"Hai girato il mondo dentro a un cuore"},"content":{"rendered":"<p>Prendo in prestito questa frase di una canzone di Elisa. E&#039; quello che provo in questi giorni, riferito a me e alle persone che incontro ogni giorno. Incontrarsi, vivere le esperienze di ogni istante appieno, assieme, con-vivere nel senso pi\u00f9 ampio del termine.<\/p>\n<p>Riflessioni. Sull&#039;empatia, su una particolare forma di affetto, diverso dalla classica definizione di amore che, si spera, tutti abbiamo provato almeno una volta nella vita.<br \/>\nChe non vuol dire accettazione incondizionata, ma incontro, essere in relazione e condividere, capire e ascoltare, riconoscere la persona che hai davanti come una persona che in fondo \u00e8 esattamente come te. Umana. Un <em>alter ego<\/em>.<\/p>\n<p>E sul contrario dell&#039;empatia stessa. Cio\u00e8 l&#039;assenza di amore autentico per l&#039;altro.<br \/>\nCome \u00e8 possibile utilizzare una persona? Come \u00e8 possibile mentire anche a s\u00e9 stessi nel tentativo di distanziarsi per difendersi dall&#039;altro, non solo da chi hai di fronte, che ti chiede una cosa cos\u00ec semplice ma al contempo cos\u00ec profonda, ma anche da un aspetto di s\u00e9 che chiede a gran voce di non rimanere da solo?<br \/>\nCosa pu\u00f2 spingere degli scienziati a sperimentare su esseri umani di una &quot;razza&quot; diversa, al fine di ottenere un miglioramento delle condizioni della propria?<\/p>\n<p>E se la risposta fosse: considerando l&#039;altro diverso da te?<br \/>\nNon al tuo livello, non umano, non una persona, non un soggetto. Ma un oggetto, una cosa.<\/p>\n<p>Non posso non tornare con la mente a episodi passati della mia vita. Che, nonostante siano conclusi, morti e sepolti non lo sono per nulla, hanno lasciato una profonda cicatrice che ancora non si \u00e8 rimarginata del tutto, e che segna indelebilmente l&#039;orientamento non solo dei miei studi, ma anche dei miei pensieri.<\/p>\n<p>L&#039;incontrare persone che quando pensano si dicono <em>&quot;solo io sono un uomo, solo io sono al mio livello, solo io, io, io, io, solo io.<br \/>\nE gli altri sono solo delle pedine, da usare a mio piacimento, come mi garba, per quello che mi va. Io ho sofferto, io non vado avanti, io e il mio mondo che non c&#039;\u00e8 pi\u00f9, io quel bambino che ha smesso di crescere, io io io io io io io io sempre e solo io. Io sono il mio Dio, io sono Dio.<br \/>\nE tutti mi devono adorare, tutti devono ascoltarmi, tutti devono volermi, nessuno mai mi deve rifiutare. Chi lo fa non ha capito un cazzo, \u00e8 un imbecille, chi non \u00e8 con me non esiste.&quot;<\/em><br \/>\nL&#039;epopea Berlusconiana, la nemesi di Lex Luthor, o dei casi pi\u00f9 vicini alla vita di tutti i giorni.<\/p>\n<p>Storie di tutti i giorni. Che a tratti sembrano tratte da Beautiful o dai peggior telefilm della tiv\u00f9 italiana.<br \/>\nMa, dopotutto, chi scrive quei copioni, a cosa si sta ispirando se non alla vita vera?<\/p>\n<p>Ora, parlo troppo. C&#039;\u00e8 il rischio che finisca anche io in quel vortice di egocentrismo.<br \/>\nProvo a starne attento. E mi domando di continuo, da mesi&#8230;<br \/>\n<em>&#8230; quale \u00e8 la verit\u00e0? Cos&#039;\u00e8 la verit\u00e0?<\/em><br \/>\nE la risposta non c&#039;\u00e8 mai.<br \/>\nE&#039; la domanda che forse \u00e8 sbagliata.<br \/>\nDopotutto, per ogni domanda nonsense, ormai l&#039;ho ripetuto a buso, la risposta \u00e8: 42.<\/p>\n<p>O forse la posso considerare in altro modo.<br \/>\nLa risposta potrebbe essere altrettanto un gioco di parole. &quot;Quid est veritas?&quot;, cos&#039;\u00e8 la verit\u00e0, trasformata in &quot;est vir qui adest&quot;, \u00e8 l&#039;uomo che hai qui davanti.<br \/>\n<img src=images\/primaverapd10.jpg popup=false\/><br \/>\nNel senso: l&#039;incontro. Accorgersi di chi hai davanti, che \u00e8 un uomo esattamente come te, anche se non \u00e8 il tuo specchio, anche se non \u00e8 te.<br \/>\nNon mi sono discostato molto da quello che sostenevo in [url=http:\/\/iow.no-ip.com\/index.php?entry=entry091029-164333]questo[\/url] post, che ricordo, scaten\u00f2 un vespaio. L&#039;immagine non l&#039;ho messa a caso.<br \/>\nLa verit\u00e0 non \u00e8 una e indiscutibile, sono MOLTE, infinite anche per ogni singola persona, e ogni relazione, ogni dibattito vero, pu\u00f2 crearne una, o ancora infinite.<\/p>\n<p>E&#039; nell&#039;incontro che si realizza la verit\u00e0.<br \/>\nE se la verit\u00e0 \u00e8 l&#039;uomo che si ha davanti, \u00e8 nella relazione che si diventa davvero persone, soggetti. E&#039; stando assieme che gli uomini diventano davvero uomini.<\/p>\n<p>Parlo troppo astruso? Lo so, l&#039;ho detto che dovrei ricominciare a bere seriamente.<\/p>\n<p>Tra un paio di settimane devo tenere quella relazione in aula.<br \/>\nVerso la quale spero di ottenere almeno un decimo dell&#039;interesse che vi provo io.<br \/>\nE che spero mi aiuter\u00e0, assieme ad altre decine di teste pensanti, ad analizzare ancora pi\u00f9 a fondo il tema del narcisismo patologico. Ammesso che da qualche parte riusciamo ad arrivare.<br \/>\nUso il plurale apposta, perch\u00e8 da solo non sono approdato a nessun porto.<br \/>\nE oggi me l&#039;ha chiesto. E ora, come state? La storia \u00e8 andata avanti?<br \/>\nCerto che \u00e8 andata avanti. Nel bene e nel male.<br \/>\nInsieme ne stiamo vivendo di tutti i colori, condividiamo i momenti di gioia e quelli di tristezza. Ma condividiamo, quello che prova l&#039;altro riusciamo a capirlo, siamo in sintonia. E andiamo avanti&#8230; non siamo pi\u00f9 arenati.<\/p>\n<p>Siamo una barca fuori da quel porto&#8230; una barca non \u00e8 fatta per rimanere in un porto, anche se questo pu\u00f2 dare sicurezza.<br \/>\nE c&#039;\u00e8 anche chi, di rimanere in quel porto, si sta stancando di brutto. Era ora! La vita vi chiama!<\/p>\n<p>La foto l&#039;ho scattata per opporla all&#039;altra. <em>L&#039;autunno della fine di un&#039;era<\/em> sta lasciando il posto a una nuova primavera. Che dovremo crearci migliore possibile.<\/p>\n<p>C&#039;\u00e8 chi ha iniziato, e una nuova vita \u00e8 cominciata.<br \/>\nBenvenuto <em><strong>Nicolas<\/strong><\/em>&#8230; Sei la prova vivente che la speranza \u00e8 sempre viva, che un nuovo inizio \u00e8 sempre possibile, che l&#039;amore \u00e8 la risposta a tutto, anche alle brutte avventure che nella vita capitano a chiunque.<br \/>\nE che l&#039;amore alla fine ha sempre l&#039;ultima parola.<\/p>\n","protected":false},"excerpt":{"rendered":"<p>Prendo in prestito questa frase di una canzone di Elisa. E&#039; quello che provo in questi giorni, riferito a me e alle persone che incontro ogni giorno. Incontrarsi, vivere le esperienze di ogni istante appieno, assieme, con-vivere nel senso pi\u00f9 ampio del termine.<\/p>\n<p>Riflessioni. Sull&#039;empatia, su una particolare forma di affetto, diverso dalla classica definizione di amore che, si spera, tutti abbiamo provato almeno una volta nella vita.<br \/>\nChe non vuol dire accettazione incondizionata, ma incontro, essere in relazione e condividere, capire e ascoltare, riconoscere la persona che hai davanti come una persona che in fondo \u00e8 esattamente come te. Umana. Un <em>alter ego<\/em>.<\/p>\n<p>E sul contrario dell&#039;empatia stessa. Cio\u00e8 l&#039;assenza di amore autentico per l&#039;altro.<br \/>\nCome \u00e8 possibile utilizzare una persona? Come \u00e8 possibile mentire anche a s\u00e9 stessi nel tentativo di distanziarsi per difendersi dall&#039;altro, non solo da chi hai di fronte, che ti chiede una cosa cos\u00ec semplice ma al contempo cos\u00ec profonda, ma anche da un aspetto di s\u00e9 che chiede a gran voce di non rimanere da solo?<br \/>\nCosa pu\u00f2 spingere degli scienziati a sperimentare su esseri umani di una &quot;razza&quot; diversa, al fine di ottenere un miglioramento delle condizioni della propria?<\/p>\n<p>E se la risposta fosse: considerando l&#039;altro diverso da te?<br \/>\nNon al tuo livello, non umano, non una persona, non un soggetto. Ma un oggetto, una cosa.<\/p>\n<p>Non posso non tornare con la mente a episodi passati della mia vita. Che, nonostante siano conclusi, morti e sepolti non lo sono per nulla, hanno lasciato una profonda cicatrice che ancora non si \u00e8 rimarginata del tutto, e che segna indelebilmente l&#039;orientamento non solo dei miei studi, ma anche dei miei pensieri.<\/p>\n<p>L&#039;incontrare persone che quando pensano si dicono <em>&quot;solo io sono un uomo, solo io sono al mio livello, solo io, io, io, io, solo io.<br \/>\nE gli altri sono solo delle pedine, da usare a mio piacimento, come mi garba, per quello che mi va. Io ho sofferto, io non vado avanti, io e il mio mondo che non c&#039;\u00e8 pi\u00f9, io quel bambino che ha smesso di crescere, io io io io io io io io sempre e solo io. Io sono il mio Dio, io sono Dio.<br \/>\nE tutti mi devono adorare, tutti devono ascoltarmi, tutti devono volermi, nessuno mai mi deve rifiutare. Chi lo fa non ha capito un cazzo, \u00e8 un imbecille, chi non \u00e8 con me non esiste.&quot;<\/em><br \/>\nL&#039;epopea Berlusconiana, la nemesi di Lex Luthor, o dei casi pi\u00f9 vicini alla vita di tutti i giorni.<\/p>\n<p>Storie di tutti i giorni. Che a tratti sembrano tratte da Beautiful o dai peggior telefilm della tiv\u00f9 italiana.<br \/>\nMa, dopotutto, chi scrive quei copioni, a cosa si sta ispirando se non alla vita vera?<\/p>\n<p>Ora, parlo troppo. C&#039;\u00e8 il rischio che finisca anche io in quel vortice di egocentrismo.<br \/>\nProvo a starne attento. E mi domando di continuo, da mesi&#8230;<br \/>\n<em>&#8230; quale \u00e8 la verit\u00e0? Cos&#039;\u00e8 la verit\u00e0?<\/em><br \/>\nE la risposta non c&#039;\u00e8 mai.<br \/>\nE&#039; la domanda che forse \u00e8 sbagliata.<br \/>\nDopotutto, per ogni domanda nonsense, ormai l&#039;ho ripetuto a buso, la risposta \u00e8: 42.<\/p>\n<p>O forse la posso considerare in altro modo.<br \/>\nLa risposta potrebbe essere altrettanto un gioco di parole. &quot;Quid est veritas?&quot;, cos&#039;\u00e8 la verit\u00e0, trasformata in &quot;est vir qui adest&quot;, \u00e8 l&#039;uomo che hai qui davanti.<br \/>\n<img src=images\/primaverapd10.jpg popup=false\/><br \/>\nNel senso: l&#039;incontro. Accorgersi di chi hai davanti, che \u00e8 un uomo esattamente come te, anche se non \u00e8 il tuo specchio, anche se non \u00e8 te.<br \/>\nNon mi sono discostato molto da quello che sostenevo in [url=http:\/\/iow.no-ip.com\/index.php?entry=entry091029-164333]questo[\/url] post, che ricordo, scaten\u00f2 un vespaio. L&#039;immagine non l&#039;ho messa a caso.<br \/>\nLa verit\u00e0 non \u00e8 una e indiscutibile, sono MOLTE, infinite anche per ogni singola persona, e ogni relazione, ogni dibattito vero, pu\u00f2 crearne una, o ancora infinite.<\/p>\n<p>E&#039; nell&#039;incontro che si realizza la verit\u00e0.<br \/>\nE se la verit\u00e0 \u00e8 l&#039;uomo che si ha davanti, \u00e8 nella relazione che si diventa davvero persone, soggetti. E&#039; stando assieme che gli uomini diventano davvero uomini.<\/p>\n<p>Parlo troppo astruso? Lo so, l&#039;ho detto che dovrei ricominciare a bere seriamente.<\/p>\n<p>Tra un paio di settimane devo tenere quella relazione in aula.<br \/>\nVerso la quale spero di ottenere almeno un decimo dell&#039;interesse che vi provo io.<br \/>\nE che spero mi aiuter\u00e0, assieme ad altre decine di teste pensanti, ad analizzare ancora pi\u00f9 a fondo il tema del narcisismo patologico. Ammesso che da qualche parte riusciamo ad arrivare.<br \/>\nUso il plurale apposta, perch\u00e8 da solo non sono approdato a nessun porto.<br \/>\nE oggi me l&#039;ha chiesto. E ora, come state? La storia \u00e8 andata avanti?<br \/>\nCerto che \u00e8 andata avanti. Nel bene e nel male.<br \/>\nInsieme ne stiamo vivendo di tutti i colori, condividiamo i momenti di gioia e quelli di tristezza. Ma condividiamo, quello che prova l&#039;altro riusciamo a capirlo, siamo in sintonia. E andiamo avanti&#8230; non siamo pi\u00f9 arenati.<\/p>\n<p>Siamo una barca fuori da quel porto&#8230; una barca non \u00e8 fatta per rimanere in un porto, anche se questo pu\u00f2 dare sicurezza.<br \/>\nE c&#039;\u00e8 anche chi, di rimanere in quel porto, si sta stancando di brutto. Era ora! La vita vi chiama!<\/p>\n<p>La foto l&#039;ho scattata per opporla all&#039;altra. <em>L&#039;autunno della fine di un&#039;era<\/em> sta lasciando il posto a una nuova primavera. Che dovremo crearci migliore possibile.<\/p>\n<p>C&#039;\u00e8 chi ha iniziato, e una nuova vita \u00e8 cominciata.<br \/>\nBenvenuto <em><strong>Nicolas<\/strong><\/em>&#8230; Sei la prova vivente che la speranza \u00e8 sempre viva, che un nuovo inizio \u00e8 sempre possibile, che l&#039;amore \u00e8 la risposta a tutto, anche alle brutte avventure che nella vita capitano a chiunque.<br \/>\nE che l&#039;amore alla fine ha sempre l&#039;ultima parola.<\/p>\n","protected":false},"author":1,"featured_media":0,"comment_status":"open","ping_status":"open","sticky":false,"template":"","format":"standard","meta":{"footnotes":""},"categories":[3],"tags":[],"_links":{"self":[{"href":"https:\/\/www.italiaonwine.net\/index.php?rest_route=\/wp\/v2\/posts\/242"}],"collection":[{"href":"https:\/\/www.italiaonwine.net\/index.php?rest_route=\/wp\/v2\/posts"}],"about":[{"href":"https:\/\/www.italiaonwine.net\/index.php?rest_route=\/wp\/v2\/types\/post"}],"author":[{"embeddable":true,"href":"https:\/\/www.italiaonwine.net\/index.php?rest_route=\/wp\/v2\/users\/1"}],"replies":[{"embeddable":true,"href":"https:\/\/www.italiaonwine.net\/index.php?rest_route=%2Fwp%2Fv2%2Fcomments&post=242"}],"version-history":[{"count":0,"href":"https:\/\/www.italiaonwine.net\/index.php?rest_route=\/wp\/v2\/posts\/242\/revisions"}],"wp:attachment":[{"href":"https:\/\/www.italiaonwine.net\/index.php?rest_route=%2Fwp%2Fv2%2Fmedia&parent=242"}],"wp:term":[{"taxonomy":"category","embeddable":true,"href":"https:\/\/www.italiaonwine.net\/index.php?rest_route=%2Fwp%2Fv2%2Fcategories&post=242"},{"taxonomy":"post_tag","embeddable":true,"href":"https:\/\/www.italiaonwine.net\/index.php?rest_route=%2Fwp%2Fv2%2Ftags&post=242"}],"curies":[{"name":"wp","href":"https:\/\/api.w.org\/{rel}","templated":true}]}}