{"id":23,"date":"2005-06-23T10:14:47","date_gmt":"2005-06-23T10:14:47","guid":{"rendered":"http:\/\/iowtest.sytes.net\/?p=23"},"modified":"2005-06-23T10:14:47","modified_gmt":"2005-06-23T10:14:47","slug":"ho-ritrovato-il-mio-caneeeee!!!","status":"publish","type":"post","link":"https:\/\/www.italiaonwine.net\/?p=23","title":{"rendered":"Ho ritrovato il mio caneeeee!!!"},"content":{"rendered":"<p>SI SIIIIIII! Ho ritrovato il mio cane!<br \/>\nDopo 10 mesi&#8230; pazzesco non ci speravo pi\u00f9! E invece, mi piomba in casa Eddy, con un giornaletto pubblicitario recuperato in birreria, con gli annunci dei canili che affidano gli ospiti. E c&#039;era anche lui, robiiiiiiiiiiiiiiiiii!!!!<br \/>\n<img src=images\/barone.jpg popup=false\/><br \/>\nAnche se gli avevano cambiato nome. Sono andato a recuperarlo, malconcio, quelli del canile neanche credevano fossimo sul serio interessati a lui, nessuno si sarebbe preso cura di un cane cosi vecchio. E invece, io avevo deciso, solo lui o nessuno. E me lo sono riportato a casa, e in appena un paio di giorni s&#039;\u00e8 ripreso, e nonostante i 15 anni \u00e8 ancora il solito pazzo scatenato!!! Corre, salta, o almeno ci prova, le zampe non lo reggono, non ci sente pi\u00f9&#8230; ma \u00e8 il mio caneee robiiiiiiiiiiiiiii!!!<br \/>\nC&#039;\u00e8 solo un problemino: qualcuno l&#039;ha adottato nel periodo che \u00e8 stato in canile&#8230; e ora rischiamo di doverglielo ridare! Col cazzo! Io scappo e me lo porto via!!!!!<\/p>\n","protected":false},"excerpt":{"rendered":"<p>SI SIIIIIII! Ho ritrovato il mio cane!<br \/>\nDopo 10 mesi&#8230; pazzesco non ci speravo pi\u00f9! E invece, mi piomba in casa Eddy, con un giornaletto pubblicitario recuperato in birreria, con gli annunci dei canili che affidano gli ospiti. E c&#039;era anche lui, robiiiiiiiiiiiiiiiiii!!!!<br \/>\n<img src=images\/barone.jpg popup=false\/><br \/>\nAnche se gli avevano cambiato nome. Sono andato a recuperarlo, malconcio, quelli del canile neanche credevano fossimo sul serio interessati a lui, nessuno si sarebbe preso cura di un cane cosi vecchio. E invece, io avevo deciso, solo lui o nessuno. E me lo sono riportato a casa, e in appena un paio di giorni s&#039;\u00e8 ripreso, e nonostante i 15 anni \u00e8 ancora il solito pazzo scatenato!!! Corre, salta, o almeno ci prova, le zampe non lo reggono, non ci sente pi\u00f9&#8230; ma \u00e8 il mio caneee robiiiiiiiiiiiiiii!!!<br \/>\nC&#039;\u00e8 solo un problemino: qualcuno l&#039;ha adottato nel periodo che \u00e8 stato in canile&#8230; e ora rischiamo di doverglielo ridare! Col cazzo! Io scappo e me lo porto via!!!!!<\/p>\n","protected":false},"author":1,"featured_media":0,"comment_status":"open","ping_status":"open","sticky":false,"template":"","format":"standard","meta":{"footnotes":""},"categories":[3],"tags":[],"_links":{"self":[{"href":"https:\/\/www.italiaonwine.net\/index.php?rest_route=\/wp\/v2\/posts\/23"}],"collection":[{"href":"https:\/\/www.italiaonwine.net\/index.php?rest_route=\/wp\/v2\/posts"}],"about":[{"href":"https:\/\/www.italiaonwine.net\/index.php?rest_route=\/wp\/v2\/types\/post"}],"author":[{"embeddable":true,"href":"https:\/\/www.italiaonwine.net\/index.php?rest_route=\/wp\/v2\/users\/1"}],"replies":[{"embeddable":true,"href":"https:\/\/www.italiaonwine.net\/index.php?rest_route=%2Fwp%2Fv2%2Fcomments&post=23"}],"version-history":[{"count":0,"href":"https:\/\/www.italiaonwine.net\/index.php?rest_route=\/wp\/v2\/posts\/23\/revisions"}],"wp:attachment":[{"href":"https:\/\/www.italiaonwine.net\/index.php?rest_route=%2Fwp%2Fv2%2Fmedia&parent=23"}],"wp:term":[{"taxonomy":"category","embeddable":true,"href":"https:\/\/www.italiaonwine.net\/index.php?rest_route=%2Fwp%2Fv2%2Fcategories&post=23"},{"taxonomy":"post_tag","embeddable":true,"href":"https:\/\/www.italiaonwine.net\/index.php?rest_route=%2Fwp%2Fv2%2Ftags&post=23"}],"curies":[{"name":"wp","href":"https:\/\/api.w.org\/{rel}","templated":true}]}}