{"id":22,"date":"2005-04-03T17:24:47","date_gmt":"2005-04-03T17:24:47","guid":{"rendered":"http:\/\/iowtest.sytes.net\/?p=22"},"modified":"2005-04-03T17:24:47","modified_gmt":"2005-04-03T17:24:47","slug":"addio-karol","status":"publish","type":"post","link":"https:\/\/www.italiaonwine.net\/?p=22","title":{"rendered":"Addio Karol"},"content":{"rendered":"<p><img src=images\/pope.jpg popup=false\/><br \/>\nCome non ricordare un cos\u00ec grande uomo?<br \/>\nAl di l\u00e0 del credo religioso, della politica, come non rimanere stregati da tutto quello che \u00e8 riuscito a fare in questi anni?<br \/>\nPer chi come me, \u00e8 nato che lui era gi\u00e0 papa, era ancor di pi\u00f9 un punto di riferimento. E&#039; come perdere un qualcosa che ritenevi eterno, che c&#039;era e sempre ci sar\u00e0.<br \/>\nCome un parente, come un amico.<br \/>\nIo, che avevo del tutto perso la fede, e che solo con la malattia l&#039;ho ritrovata, anche se non posso dire di essere un buon cristiano, di fronte alla sua sofferenza e alla sua tenacia a non volersi arrendere alla malattia che ti consuma, resto stupito. Con la sua sofferenza ha voluto farci vedere quanto la fede pu\u00f2 renderci tenaci. E ci ha ricordato di non mollare mai, di dare noi stessi fino alla fine.<br \/>\nA me, che spesso ho paura di buttarmi, che dietro la paura del dolore mi blocco, sembra dire: non arrenderti, aggrappati alla vita e vivila fino in fondo, perch\u00e8 \u00e8 un dono troppo importante! Alzati, vai, non rimanere fermo!<br \/>\nE lo far\u00f2. O almeno, mi ci impegner\u00f2!<br \/>\nDal cielo continuerai a osservarci e in qualche modo a indicarci la via che troppo spesso perdiamo.<br \/>\nAddio Karol, grazie di tutto.<\/p>\n","protected":false},"excerpt":{"rendered":"<p><img src=images\/pope.jpg popup=false\/><br \/>\nCome non ricordare un cos\u00ec grande uomo?<br \/>\nAl di l\u00e0 del credo religioso, della politica, come non rimanere stregati da tutto quello che \u00e8 riuscito a fare in questi anni?<br \/>\nPer chi come me, \u00e8 nato che lui era gi\u00e0 papa, era ancor di pi\u00f9 un punto di riferimento. E&#039; come perdere un qualcosa che ritenevi eterno, che c&#039;era e sempre ci sar\u00e0.<br \/>\nCome un parente, come un amico.<br \/>\nIo, che avevo del tutto perso la fede, e che solo con la malattia l&#039;ho ritrovata, anche se non posso dire di essere un buon cristiano, di fronte alla sua sofferenza e alla sua tenacia a non volersi arrendere alla malattia che ti consuma, resto stupito. Con la sua sofferenza ha voluto farci vedere quanto la fede pu\u00f2 renderci tenaci. E ci ha ricordato di non mollare mai, di dare noi stessi fino alla fine.<br \/>\nA me, che spesso ho paura di buttarmi, che dietro la paura del dolore mi blocco, sembra dire: non arrenderti, aggrappati alla vita e vivila fino in fondo, perch\u00e8 \u00e8 un dono troppo importante! Alzati, vai, non rimanere fermo!<br \/>\nE lo far\u00f2. O almeno, mi ci impegner\u00f2!<br \/>\nDal cielo continuerai a osservarci e in qualche modo a indicarci la via che troppo spesso perdiamo.<br \/>\nAddio Karol, grazie di tutto.<\/p>\n","protected":false},"author":1,"featured_media":0,"comment_status":"open","ping_status":"open","sticky":false,"template":"","format":"standard","meta":{"footnotes":""},"categories":[3],"tags":[],"_links":{"self":[{"href":"https:\/\/www.italiaonwine.net\/index.php?rest_route=\/wp\/v2\/posts\/22"}],"collection":[{"href":"https:\/\/www.italiaonwine.net\/index.php?rest_route=\/wp\/v2\/posts"}],"about":[{"href":"https:\/\/www.italiaonwine.net\/index.php?rest_route=\/wp\/v2\/types\/post"}],"author":[{"embeddable":true,"href":"https:\/\/www.italiaonwine.net\/index.php?rest_route=\/wp\/v2\/users\/1"}],"replies":[{"embeddable":true,"href":"https:\/\/www.italiaonwine.net\/index.php?rest_route=%2Fwp%2Fv2%2Fcomments&post=22"}],"version-history":[{"count":0,"href":"https:\/\/www.italiaonwine.net\/index.php?rest_route=\/wp\/v2\/posts\/22\/revisions"}],"wp:attachment":[{"href":"https:\/\/www.italiaonwine.net\/index.php?rest_route=%2Fwp%2Fv2%2Fmedia&parent=22"}],"wp:term":[{"taxonomy":"category","embeddable":true,"href":"https:\/\/www.italiaonwine.net\/index.php?rest_route=%2Fwp%2Fv2%2Fcategories&post=22"},{"taxonomy":"post_tag","embeddable":true,"href":"https:\/\/www.italiaonwine.net\/index.php?rest_route=%2Fwp%2Fv2%2Ftags&post=22"}],"curies":[{"name":"wp","href":"https:\/\/api.w.org\/{rel}","templated":true}]}}