{"id":195,"date":"2008-10-14T10:09:34","date_gmt":"2008-10-14T10:09:34","guid":{"rendered":"http:\/\/iowtest.sytes.net\/?p=195"},"modified":"2008-10-14T10:09:34","modified_gmt":"2008-10-14T10:09:34","slug":"memories","status":"publish","type":"post","link":"https:\/\/www.italiaonwine.net\/?p=195","title":{"rendered":"Memories"},"content":{"rendered":"<p>&quot;E&#039; la memoria che rende l&#039;uomo diverso da tutti gli altri animali. Noi siamo l&#039;unica specie legata al proprio passato. I nostri ricordi ci danno voce, sono testimonianze storiche da cui altri possono imparare. Possono servire a celebrare la nostra gloria o metterci in guardia dai nostri errori.&quot;<br \/>\nLa citazione \u00e8 arrivata ad hoc. Nel momento giusto.<br \/>\nDa un lato ho dei ricordi che tornano alla mente, ricordi vecchissimi, di ormai molti anni fa&#8230; che riemergono in superficie tramite sogni, occasionali per carit\u00e0, ma carichi di pathos, che ti portano anche alla lacrima facile&#8230;<\/p>\n<p>Castana chiara, capelli tipo caschetto ma pi\u00f9 lunghi, due occhi che non scorder\u00f2 mai.<br \/>\nIncrociarsi, non riconoscersi a prima vista dopo tanti anni, ma sentire qualcosa a pelle.<br \/>\nUn ricordo che ci unisce dopo cosi tanto tempo e una sequela di fatti assurdi&#8230;<br \/>\n&quot;hey ma&#8230; ma noi ci conosciamo?&quot; &quot;mi sembra di si..&quot; &quot;scusa ma&#8230;come ti chiami?&quot; &quot;(qui ci starebbe il suo nome, ma lo ometto)&quot; &quot;(risata a crepapelle)&quot; &quot;cosa c&#039;\u00e8?&quot; &quot;ma scusa&#8230; non avevi capito chi sono io?&quot; &quot;oh mio diooooooo&quot; &quot;senti&#8230; accompagno a casa lei e poi ti chiamo che beviamo qualcosa insieme ok?&quot; &quot;chiamo a casa e dico che non torno&#8230;&quot;<br \/>\nla scena si sposta su una montagna, in un fitto bosco pendente in discesa con molti sentieri ravvicinati e alberi alti e bassi intrecciati tra loro, posto vicino a un paesello sconosciuto che \u00e8 sopra il monte. E il sogno finisce qui.<br \/>\nE finiscono anche i pensieri collegati. E&#039; passato, \u00e8 trascorsa una vita e mezza dopo di lei, non ha senso pensarci con nostalgia. Ma ricordare si, non \u00e8 peccato, ed \u00e8 nella nostra natura&#8230; e quei momenti riempiono un p\u00f2 quel vuoto che non credo sar\u00e0 mai colmato.<br \/>\n<img src=images\/memories.jpg popup=false\/><br \/>\nDall&#039;altro lato posso dire che&#8230; nella mia nuova tana ho riempito un pezzo di parete con delle vecchie foto, prese qua e l\u00e0 nel mio archivio, testimonianza di ci\u00f2 che c&#039;era e non c&#039;\u00e8 pi\u00f9&#8230; purtroppo, dovrei aggiungere.<br \/>\nSento la mancanza di un gruppo, quel gruppo che mi ero scelto anni fa e del quale resta ora solo uno spettro.<br \/>\nDivorato da s\u00e8 stesso, fagocitato dalle piccole tensioni interne che a causa della [url=http:\/\/iow.no-ip.com\/index.php?entry=entry080807-192520]teoria del silenzio[\/url] poi vanno a emergere ingigantite. Cambiato in s\u00e8 stesso, scelto anni fa perch\u00e8 incarnava tutto quello che volevo dagli amici, ma nel quale ora come ora io non mi ritrovo pi\u00f9. E non sono il solo, visto che guarda caso degli storici sono rimasti solo 2 o 3 tizi. E non per via delle morose&#8230;<br \/>\nE io sono stanco di lottare coi mulini a vento, \u00e8 ora che pensi un p\u00f2 di pi\u00f9 a me stesso. Sono cambiati, e son cambiato io. Nessun problema, ognuno ha diritto di prendere la propria direzione e ogni via \u00e8 giusta. Ma cos\u00ec le strade si dividono, e amen&#8230; non c&#039;\u00e8 niente da fare, e forzare o forzarsi a cambiare \u00e8 una violenza troppo grande. Quel gruppo per me non esiste pi\u00f9. E&#039; troppo diverso da come lo ricordo io. Molti gi\u00e0 ne sono usciti di fatto, si fan vedere o sentire occasionalmente, e la maggioranza dei pochi che resistono pare abbiano proprio cambiato identit\u00e0.<br \/>\nSe tutto diverge, se non resta pi\u00f9 nulla, perch\u00e8 restare uniti, solo per abitudine forse?<br \/>\nNon ha senso, almeno per me.<br \/>\nAnche qui sono pervaso dalla nostalgia. Anche qui per qualcosa che non esiste pi\u00f9.<br \/>\nAvrei molto da dire, e a molti. Ma per una volta sono d&#039;accordo. Silenzio, anche se per motivi diversi. Per loro parlare a ruota libera e in modo sincero \u00e8 male, per me invece \u00e8 ormai totalmente inutile. Meglio risparmiare energie per qualcosa di meglio.<\/p>\n<p>Non sembrava stessi cosi? Devo dire di aver avuto buoni maestri di teatro, bravi con le maschere.<br \/>\nMa non sono nemmeno cos\u00ec gi\u00f9, comunque. Ora sto bene, e ho imparato a mantenere bei ricordi dalle esperienze passate. Quelli che, scolpiti nella nostra memoria, ci danno ogni giorno la forza di andare avanti. E ti ricordano che anche se ora senti nostalgia per ci\u00f2 che \u00e8 passato e non torner\u00e0, ci sar\u00e0 un domani col sole.<\/p>\n","protected":false},"excerpt":{"rendered":"<p>&quot;E&#039; la memoria che rende l&#039;uomo diverso da tutti gli altri animali. Noi siamo l&#039;unica specie legata al proprio passato. I nostri ricordi ci danno voce, sono testimonianze storiche da cui altri possono imparare. Possono servire a celebrare la nostra gloria o metterci in guardia dai nostri errori.&quot;<br \/>\nLa citazione \u00e8 arrivata ad hoc. Nel momento giusto.<br \/>\nDa un lato ho dei ricordi che tornano alla mente, ricordi vecchissimi, di ormai molti anni fa&#8230; che riemergono in superficie tramite sogni, occasionali per carit\u00e0, ma carichi di pathos, che ti portano anche alla lacrima facile&#8230;<\/p>\n<p>Castana chiara, capelli tipo caschetto ma pi\u00f9 lunghi, due occhi che non scorder\u00f2 mai.<br \/>\nIncrociarsi, non riconoscersi a prima vista dopo tanti anni, ma sentire qualcosa a pelle.<br \/>\nUn ricordo che ci unisce dopo cosi tanto tempo e una sequela di fatti assurdi&#8230;<br \/>\n&quot;hey ma&#8230; ma noi ci conosciamo?&quot; &quot;mi sembra di si..&quot; &quot;scusa ma&#8230;come ti chiami?&quot; &quot;(qui ci starebbe il suo nome, ma lo ometto)&quot; &quot;(risata a crepapelle)&quot; &quot;cosa c&#039;\u00e8?&quot; &quot;ma scusa&#8230; non avevi capito chi sono io?&quot; &quot;oh mio diooooooo&quot; &quot;senti&#8230; accompagno a casa lei e poi ti chiamo che beviamo qualcosa insieme ok?&quot; &quot;chiamo a casa e dico che non torno&#8230;&quot;<br \/>\nla scena si sposta su una montagna, in un fitto bosco pendente in discesa con molti sentieri ravvicinati e alberi alti e bassi intrecciati tra loro, posto vicino a un paesello sconosciuto che \u00e8 sopra il monte. E il sogno finisce qui.<br \/>\nE finiscono anche i pensieri collegati. E&#039; passato, \u00e8 trascorsa una vita e mezza dopo di lei, non ha senso pensarci con nostalgia. Ma ricordare si, non \u00e8 peccato, ed \u00e8 nella nostra natura&#8230; e quei momenti riempiono un p\u00f2 quel vuoto che non credo sar\u00e0 mai colmato.<br \/>\n<img src=images\/memories.jpg popup=false\/><br \/>\nDall&#039;altro lato posso dire che&#8230; nella mia nuova tana ho riempito un pezzo di parete con delle vecchie foto, prese qua e l\u00e0 nel mio archivio, testimonianza di ci\u00f2 che c&#039;era e non c&#039;\u00e8 pi\u00f9&#8230; purtroppo, dovrei aggiungere.<br \/>\nSento la mancanza di un gruppo, quel gruppo che mi ero scelto anni fa e del quale resta ora solo uno spettro.<br \/>\nDivorato da s\u00e8 stesso, fagocitato dalle piccole tensioni interne che a causa della [url=http:\/\/iow.no-ip.com\/index.php?entry=entry080807-192520]teoria del silenzio[\/url] poi vanno a emergere ingigantite. Cambiato in s\u00e8 stesso, scelto anni fa perch\u00e8 incarnava tutto quello che volevo dagli amici, ma nel quale ora come ora io non mi ritrovo pi\u00f9. E non sono il solo, visto che guarda caso degli storici sono rimasti solo 2 o 3 tizi. E non per via delle morose&#8230;<br \/>\nE io sono stanco di lottare coi mulini a vento, \u00e8 ora che pensi un p\u00f2 di pi\u00f9 a me stesso. Sono cambiati, e son cambiato io. Nessun problema, ognuno ha diritto di prendere la propria direzione e ogni via \u00e8 giusta. Ma cos\u00ec le strade si dividono, e amen&#8230; non c&#039;\u00e8 niente da fare, e forzare o forzarsi a cambiare \u00e8 una violenza troppo grande. Quel gruppo per me non esiste pi\u00f9. E&#039; troppo diverso da come lo ricordo io. Molti gi\u00e0 ne sono usciti di fatto, si fan vedere o sentire occasionalmente, e la maggioranza dei pochi che resistono pare abbiano proprio cambiato identit\u00e0.<br \/>\nSe tutto diverge, se non resta pi\u00f9 nulla, perch\u00e8 restare uniti, solo per abitudine forse?<br \/>\nNon ha senso, almeno per me.<br \/>\nAnche qui sono pervaso dalla nostalgia. Anche qui per qualcosa che non esiste pi\u00f9.<br \/>\nAvrei molto da dire, e a molti. Ma per una volta sono d&#039;accordo. Silenzio, anche se per motivi diversi. Per loro parlare a ruota libera e in modo sincero \u00e8 male, per me invece \u00e8 ormai totalmente inutile. Meglio risparmiare energie per qualcosa di meglio.<\/p>\n<p>Non sembrava stessi cosi? Devo dire di aver avuto buoni maestri di teatro, bravi con le maschere.<br \/>\nMa non sono nemmeno cos\u00ec gi\u00f9, comunque. Ora sto bene, e ho imparato a mantenere bei ricordi dalle esperienze passate. Quelli che, scolpiti nella nostra memoria, ci danno ogni giorno la forza di andare avanti. E ti ricordano che anche se ora senti nostalgia per ci\u00f2 che \u00e8 passato e non torner\u00e0, ci sar\u00e0 un domani col sole.<\/p>\n","protected":false},"author":1,"featured_media":0,"comment_status":"open","ping_status":"open","sticky":false,"template":"","format":"standard","meta":{"footnotes":""},"categories":[3],"tags":[],"_links":{"self":[{"href":"https:\/\/www.italiaonwine.net\/index.php?rest_route=\/wp\/v2\/posts\/195"}],"collection":[{"href":"https:\/\/www.italiaonwine.net\/index.php?rest_route=\/wp\/v2\/posts"}],"about":[{"href":"https:\/\/www.italiaonwine.net\/index.php?rest_route=\/wp\/v2\/types\/post"}],"author":[{"embeddable":true,"href":"https:\/\/www.italiaonwine.net\/index.php?rest_route=\/wp\/v2\/users\/1"}],"replies":[{"embeddable":true,"href":"https:\/\/www.italiaonwine.net\/index.php?rest_route=%2Fwp%2Fv2%2Fcomments&post=195"}],"version-history":[{"count":0,"href":"https:\/\/www.italiaonwine.net\/index.php?rest_route=\/wp\/v2\/posts\/195\/revisions"}],"wp:attachment":[{"href":"https:\/\/www.italiaonwine.net\/index.php?rest_route=%2Fwp%2Fv2%2Fmedia&parent=195"}],"wp:term":[{"taxonomy":"category","embeddable":true,"href":"https:\/\/www.italiaonwine.net\/index.php?rest_route=%2Fwp%2Fv2%2Fcategories&post=195"},{"taxonomy":"post_tag","embeddable":true,"href":"https:\/\/www.italiaonwine.net\/index.php?rest_route=%2Fwp%2Fv2%2Ftags&post=195"}],"curies":[{"name":"wp","href":"https:\/\/api.w.org\/{rel}","templated":true}]}}