{"id":192,"date":"2008-09-13T20:12:41","date_gmt":"2008-09-13T20:12:41","guid":{"rendered":"http:\/\/iowtest.sytes.net\/?p=192"},"modified":"2008-09-13T20:12:41","modified_gmt":"2008-09-13T20:12:41","slug":"just-a-little-bit-more,-no,-a-very-very-little-bit...-and-then...-","status":"publish","type":"post","link":"https:\/\/www.italiaonwine.net\/?p=192","title":{"rendered":"Just a little bit more, no, a very very little bit&#8230; and then&#8230;"},"content":{"rendered":"<p>Il tempo che c&#039;\u00e8 oggi fuori pare dirmelo, l&#039;estate \u00e8 finita, o quasi. Sono due giorni che piove a dirotto, tira vento che pare la bora di Trieste, e io li sto passando a preparare clinica avanzato, sperando che il simpatico vecchino non decida di fare l&#039;orale proprio all&#039;ultimo minuto.<br \/>\nA inizio estate mi ero ripromesso di preparare entrambi gli esami che mi mancano e contemporaneamente di lavorare in modo tosto alla tesi. Di esame invece ne faccio uno solo, l&#039;altro non ho voglia nemmeno di iniziarlo, di materiale per la tesi ne avrei anche raccolto parecchio, ma di scrivere proprio non se ne parla.<br \/>\nHo preferito godermi l&#039;estate, e a conti fatti non me ne pento per niente.<br \/>\nNelle ultime due settimane c&#039;\u00e8 stata la sagra, la visita delle due romane de roma, un p\u00f2 di pensieri random, qualche novit\u00e0.<br \/>\nE qualche cambiamento&#8230; gi\u00e0 avvenuto o che sento il bisogno di mettere in atto.<br \/>\nSento una qualche dissonanza in me, ho l&#039;impressione di dover fare qualcosa, come se fossi continuamente invitato a fare un cambio di rotta e fino ad adesso non avessi voluto ascoltare. Dopotutto doveva essere un momento di cambiamento. Ma rischia di essere ancora pi\u00f9 radicale di quello che pensavo. Uhmmmmm&#8230; vedremo&#8230; per ora sperimento nuove esperienze, sul futuro non voglio sbilanciarmi.<\/p>\n<p>Tra qualche giorno si parte&#8230;<br \/>\n<img src=images\/buttenheim02.jpg popup=false\/><\/p>\n<p>Il 17, giorno cataclismico -e vai di neologismi- ne succederanno tante di cose. Molti hanno esami, io mi trasferisco, qualcuno torna a casa, qualcuno va a un concerto, qualcuno inizia a lavorare, e&#8230; ho dimenticato il resto. Ma il punto \u00e8 proprio che vado, me ne vado! yuhuuu!<br \/>\nLontano da mediocrit\u00e0, provincialismo, ospedale geriatrico, e tutto quello che ci gira intorno.<br \/>\nDa quel che ho capito potrei anche non essere l&#039;unico a levare i tacchi dal quartiere del populino.<br \/>\nQualcuno mi mancher\u00e0, pi\u00f9 di qualcuno.<br \/>\nUno \u00e8 un amico con cui ho condiviso praticamente quasi tutta la mia vita, che conosco da pi\u00f9 di vent&#039;anni e che \u00e8 riuscito a portare pazienza con me fino ad adesso. Lo so, che sono tutt&#039;altro che facile da prendere.<br \/>\nMa molto di quello che sono lo devo a lui. Anche perch\u00e8 \u00e8 diversissimo da me, e forse \u00e8 la dimostrazione lampante che le differenze incompatibili esistono solo finch\u00e8 le riteniamo tali. Accettarsi nelle proprie diversit\u00e0, poich\u00e8 vi sono miriadi di pattern comportamentali, e non \u00e8 detto che uno sia migliore di un altro. Non si tratta di capire quale sia il migliore, ma di accettare che ognuno abbia il suo, senza prevaricare gli spazi di nessuno.<br \/>\nQualche sera fa siamo tornati nel locale dove tre anni fa ho preso una decisione, decisione che mi ha portato ad essere dove sono ora. Guarda caso, di nuovo io e lui, la prima persona che ha saputo, ridacchiando un p\u00f2 sotto i baffi, che intenzioni avevo per il mio futuro.<br \/>\nSi \u00e8 parlato molto dell&#039;avvenire prossimo e lontano. Nel pianificare le prossime esperienze di studio e lavoro, di relazioni, di vita.<br \/>\nE come allora si \u00e8 tornati a casa, pensando a quanto si \u00e8 fortunati ad avere qualcuno con cui parlare&#8230;<\/p>\n<p>Levo le tende, \u00e8 vero, ma non perder\u00f2 le persone che contano davvero.<\/p>\n","protected":false},"excerpt":{"rendered":"<p>Il tempo che c&#039;\u00e8 oggi fuori pare dirmelo, l&#039;estate \u00e8 finita, o quasi. Sono due giorni che piove a dirotto, tira vento che pare la bora di Trieste, e io li sto passando a preparare clinica avanzato, sperando che il simpatico vecchino non decida di fare l&#039;orale proprio all&#039;ultimo minuto.<br \/>\nA inizio estate mi ero ripromesso di preparare entrambi gli esami che mi mancano e contemporaneamente di lavorare in modo tosto alla tesi. Di esame invece ne faccio uno solo, l&#039;altro non ho voglia nemmeno di iniziarlo, di materiale per la tesi ne avrei anche raccolto parecchio, ma di scrivere proprio non se ne parla.<br \/>\nHo preferito godermi l&#039;estate, e a conti fatti non me ne pento per niente.<br \/>\nNelle ultime due settimane c&#039;\u00e8 stata la sagra, la visita delle due romane de roma, un p\u00f2 di pensieri random, qualche novit\u00e0.<br \/>\nE qualche cambiamento&#8230; gi\u00e0 avvenuto o che sento il bisogno di mettere in atto.<br \/>\nSento una qualche dissonanza in me, ho l&#039;impressione di dover fare qualcosa, come se fossi continuamente invitato a fare un cambio di rotta e fino ad adesso non avessi voluto ascoltare. Dopotutto doveva essere un momento di cambiamento. Ma rischia di essere ancora pi\u00f9 radicale di quello che pensavo. Uhmmmmm&#8230; vedremo&#8230; per ora sperimento nuove esperienze, sul futuro non voglio sbilanciarmi.<\/p>\n<p>Tra qualche giorno si parte&#8230;<br \/>\n<img src=images\/buttenheim02.jpg popup=false\/><\/p>\n<p>Il 17, giorno cataclismico -e vai di neologismi- ne succederanno tante di cose. Molti hanno esami, io mi trasferisco, qualcuno torna a casa, qualcuno va a un concerto, qualcuno inizia a lavorare, e&#8230; ho dimenticato il resto. Ma il punto \u00e8 proprio che vado, me ne vado! yuhuuu!<br \/>\nLontano da mediocrit\u00e0, provincialismo, ospedale geriatrico, e tutto quello che ci gira intorno.<br \/>\nDa quel che ho capito potrei anche non essere l&#039;unico a levare i tacchi dal quartiere del populino.<br \/>\nQualcuno mi mancher\u00e0, pi\u00f9 di qualcuno.<br \/>\nUno \u00e8 un amico con cui ho condiviso praticamente quasi tutta la mia vita, che conosco da pi\u00f9 di vent&#039;anni e che \u00e8 riuscito a portare pazienza con me fino ad adesso. Lo so, che sono tutt&#039;altro che facile da prendere.<br \/>\nMa molto di quello che sono lo devo a lui. Anche perch\u00e8 \u00e8 diversissimo da me, e forse \u00e8 la dimostrazione lampante che le differenze incompatibili esistono solo finch\u00e8 le riteniamo tali. Accettarsi nelle proprie diversit\u00e0, poich\u00e8 vi sono miriadi di pattern comportamentali, e non \u00e8 detto che uno sia migliore di un altro. Non si tratta di capire quale sia il migliore, ma di accettare che ognuno abbia il suo, senza prevaricare gli spazi di nessuno.<br \/>\nQualche sera fa siamo tornati nel locale dove tre anni fa ho preso una decisione, decisione che mi ha portato ad essere dove sono ora. Guarda caso, di nuovo io e lui, la prima persona che ha saputo, ridacchiando un p\u00f2 sotto i baffi, che intenzioni avevo per il mio futuro.<br \/>\nSi \u00e8 parlato molto dell&#039;avvenire prossimo e lontano. Nel pianificare le prossime esperienze di studio e lavoro, di relazioni, di vita.<br \/>\nE come allora si \u00e8 tornati a casa, pensando a quanto si \u00e8 fortunati ad avere qualcuno con cui parlare&#8230;<\/p>\n<p>Levo le tende, \u00e8 vero, ma non perder\u00f2 le persone che contano davvero.<\/p>\n","protected":false},"author":1,"featured_media":0,"comment_status":"open","ping_status":"open","sticky":false,"template":"","format":"standard","meta":{"footnotes":""},"categories":[3],"tags":[],"_links":{"self":[{"href":"https:\/\/www.italiaonwine.net\/index.php?rest_route=\/wp\/v2\/posts\/192"}],"collection":[{"href":"https:\/\/www.italiaonwine.net\/index.php?rest_route=\/wp\/v2\/posts"}],"about":[{"href":"https:\/\/www.italiaonwine.net\/index.php?rest_route=\/wp\/v2\/types\/post"}],"author":[{"embeddable":true,"href":"https:\/\/www.italiaonwine.net\/index.php?rest_route=\/wp\/v2\/users\/1"}],"replies":[{"embeddable":true,"href":"https:\/\/www.italiaonwine.net\/index.php?rest_route=%2Fwp%2Fv2%2Fcomments&post=192"}],"version-history":[{"count":0,"href":"https:\/\/www.italiaonwine.net\/index.php?rest_route=\/wp\/v2\/posts\/192\/revisions"}],"wp:attachment":[{"href":"https:\/\/www.italiaonwine.net\/index.php?rest_route=%2Fwp%2Fv2%2Fmedia&parent=192"}],"wp:term":[{"taxonomy":"category","embeddable":true,"href":"https:\/\/www.italiaonwine.net\/index.php?rest_route=%2Fwp%2Fv2%2Fcategories&post=192"},{"taxonomy":"post_tag","embeddable":true,"href":"https:\/\/www.italiaonwine.net\/index.php?rest_route=%2Fwp%2Fv2%2Ftags&post=192"}],"curies":[{"name":"wp","href":"https:\/\/api.w.org\/{rel}","templated":true}]}}