{"id":120,"date":"2007-04-27T19:33:34","date_gmt":"2007-04-27T19:33:34","guid":{"rendered":"http:\/\/iowtest.sytes.net\/?p=120"},"modified":"2007-04-27T19:33:34","modified_gmt":"2007-04-27T19:33:34","slug":"thoughtcrime-(orwell---1984)","status":"publish","type":"post","link":"https:\/\/www.italiaonwine.net\/?p=120","title":{"rendered":"Thoughtcrime (Orwell &#8211; 1984)"},"content":{"rendered":"<p>Ho davvero scatenato un <em><strong>vespaio!<\/strong><\/em><br \/>\nUn p\u00f2 l&#039;intenzione era proprio quella.<br \/>\nCredo che certe situazioni possano paragonarsi a oggetti con sopra della benzina che le ricopre. Pi\u00f9 tempo passa pi\u00f9 la benzina aumenta. Se li si vuole recuperare, l&#039;unica \u00e8 accenderla.<br \/>\nInevitabile, fastidioso e pericoloso, ma inevitabile.<br \/>\n<img src=images\/wasps.jpg popup=false\/><br \/>\nE dunque scatenare un vespaio non \u00e8 una cosa proprio negativa, ma se preso nella maniera giusta, pu\u00f2 anche essere <em>l&#039;inizio di qualcosa di nuovo.<\/em><br \/>\nCome si pu\u00f2 vedere dai commenti, e come si \u00e8 sentito l&#039;altra sera dalla litigata in viva voce tra me e il secondo interessato (che tra l&#039;altro \u00e8 passato, purtroppo, anche alle minacce&#8230;), non \u00e8 stato proprio il risultato sperato.<br \/>\nMa alcune cose ci tengo a dirle, perch\u00e8 essere travisati, e messi in un angolo quando si \u00e8 gli unici a sostenere un&#039;opinione, \u00e8 relativamente semplice.<\/p>\n<p>Da un lato qualcuno ha detto che le cose che ho detto sono solo balle: per quel che mi riguarda, <em><strong>balle sono fatti inventati.<\/strong><\/em> Non c&#039;\u00e8 una parola che sia inventata, riguardo ai fatti. Sono fatti visibili e di pubblico dominio. Le <em><strong>considerazioni personali<\/strong><\/em> invece sono miei pensieri, ed \u00e8 logico che non possano essere universalmente condivisi, specie da chi ne \u00e8 stato attaccato. Ma non essendo fatti, non possono neanche essere balle. E non credo nessuno possa trovare una pecca in questo ragionamento&#8230;<\/p>\n<p>Dall&#039;altro lato chi mi dice che ho &#039;criticato&#039; il comportamento di qualcuno&#8230; Innanzi tutto quello che dico \u00e8 solo, lo ripeto, una mia personalissima opinione, e dunque \u00e8 possibile che oltre a non essere condivisa, sia palesemente sbagliata. Ma poi, chi mi <em><strong>&#039;critica&#039;<\/strong><\/em>, non si macchia della stessa &#039;colpa&#039;?<\/p>\n<p>Infine mi \u00e8 proprio piaciuta la frase &quot;Il rispetto si basa [&#8230;] sulla comprensione e sui valori dell&#039;altro&quot;. Verissimo, <em><strong>mai mancare di rispetto<\/strong><\/em>. Soprattutto sarebbe il caso di evitare di parlare alle spalle e di offendere, <em><strong>soprattutto di nascosto<\/strong><\/em>, non solo ogni persona in quanto tale, ma a maggior ragione quelli che si ritengono i propri amici. Proprio questa cosa \u00e8 stata la goccia che ha fatto traboccare il vaso e che ha scatenato la mia reazione.<br \/>\nE qui non dico di non essere perfetto neanche io, anzi. Ma tra fare qualche battuta ironica in compagnia e lo sputar sentenze e insulti, peraltro senza prendersene la responsabilit\u00e0, ce n&#039;\u00e8 di differenza&#8230;<\/p>\n<p>Quanto alle informazioni a cui sono venuto a conoscenza (che si creda o no non m&#039;importa, ma \u00e8 stato per puro caso)&#8230; beh in effetti \u00e8 vero, occhio non vede cuore non duole, o citando un famoso autore, <em><strong>l&#039;ignoranza \u00e8 forza.<\/strong><\/em><\/p>\n<p>E qui mi fermo. Credo di aver messo anche troppa carne al fuoco, specie visto che piuttosto che mangiare, qualcuno preferisce stare a guardare, parlare, e morire di fame. Non posso e non voglio farne una colpa, <em><strong>ognuno \u00e8 padrone di fare come vuole.<\/em><\/strong><\/p>\n<p>Ma, rileggendomi alcune frasi tratte dal romanzo di Orwell 1984, mi \u00e8 sembrato che davvero si stia tentando l&#039;omologazione, il &#039;fare tutti allo stesso modo&#039;, mettendo da parte le proprie diversit\u00e0, che sono psicoreato, e seguendo quello che viene riconosciuto l&#039;unico modo accettabile di essere.<br \/>\nMi riferisco al non accettare un parere diverso. A non accettare il fatto che, fatto incredibile, anche io ho la facolt\u00e0 di parola.<br \/>\nIntendiamoci: io <em><strong>ringrazio<\/strong><\/em> tutti quelli che sono intervenuti a propria o altrui difesa. Mi hanno fornito un&#039;alternativa all&#039;interpretare i fatti, e sicuramente hanno contribuito al mio &#039;me&#039;. Quello che spero \u00e8 che anche tutta la rabbia che ho sparato in campo abbia influito su altri e che non sia, come invece spesso \u00e8, un processo a senso unico.<\/p>\n","protected":false},"excerpt":{"rendered":"<p>Ho davvero scatenato un <em><strong>vespaio!<\/strong><\/em><br \/>\nUn p\u00f2 l&#039;intenzione era proprio quella.<br \/>\nCredo che certe situazioni possano paragonarsi a oggetti con sopra della benzina che le ricopre. Pi\u00f9 tempo passa pi\u00f9 la benzina aumenta. Se li si vuole recuperare, l&#039;unica \u00e8 accenderla.<br \/>\nInevitabile, fastidioso e pericoloso, ma inevitabile.<br \/>\n<img src=images\/wasps.jpg popup=false\/><br \/>\nE dunque scatenare un vespaio non \u00e8 una cosa proprio negativa, ma se preso nella maniera giusta, pu\u00f2 anche essere <em>l&#039;inizio di qualcosa di nuovo.<\/em><br \/>\nCome si pu\u00f2 vedere dai commenti, e come si \u00e8 sentito l&#039;altra sera dalla litigata in viva voce tra me e il secondo interessato (che tra l&#039;altro \u00e8 passato, purtroppo, anche alle minacce&#8230;), non \u00e8 stato proprio il risultato sperato.<br \/>\nMa alcune cose ci tengo a dirle, perch\u00e8 essere travisati, e messi in un angolo quando si \u00e8 gli unici a sostenere un&#039;opinione, \u00e8 relativamente semplice.<\/p>\n<p>Da un lato qualcuno ha detto che le cose che ho detto sono solo balle: per quel che mi riguarda, <em><strong>balle sono fatti inventati.<\/strong><\/em> Non c&#039;\u00e8 una parola che sia inventata, riguardo ai fatti. Sono fatti visibili e di pubblico dominio. Le <em><strong>considerazioni personali<\/strong><\/em> invece sono miei pensieri, ed \u00e8 logico che non possano essere universalmente condivisi, specie da chi ne \u00e8 stato attaccato. Ma non essendo fatti, non possono neanche essere balle. E non credo nessuno possa trovare una pecca in questo ragionamento&#8230;<\/p>\n<p>Dall&#039;altro lato chi mi dice che ho &#039;criticato&#039; il comportamento di qualcuno&#8230; Innanzi tutto quello che dico \u00e8 solo, lo ripeto, una mia personalissima opinione, e dunque \u00e8 possibile che oltre a non essere condivisa, sia palesemente sbagliata. Ma poi, chi mi <em><strong>&#039;critica&#039;<\/strong><\/em>, non si macchia della stessa &#039;colpa&#039;?<\/p>\n<p>Infine mi \u00e8 proprio piaciuta la frase &quot;Il rispetto si basa [&#8230;] sulla comprensione e sui valori dell&#039;altro&quot;. Verissimo, <em><strong>mai mancare di rispetto<\/strong><\/em>. Soprattutto sarebbe il caso di evitare di parlare alle spalle e di offendere, <em><strong>soprattutto di nascosto<\/strong><\/em>, non solo ogni persona in quanto tale, ma a maggior ragione quelli che si ritengono i propri amici. Proprio questa cosa \u00e8 stata la goccia che ha fatto traboccare il vaso e che ha scatenato la mia reazione.<br \/>\nE qui non dico di non essere perfetto neanche io, anzi. Ma tra fare qualche battuta ironica in compagnia e lo sputar sentenze e insulti, peraltro senza prendersene la responsabilit\u00e0, ce n&#039;\u00e8 di differenza&#8230;<\/p>\n<p>Quanto alle informazioni a cui sono venuto a conoscenza (che si creda o no non m&#039;importa, ma \u00e8 stato per puro caso)&#8230; beh in effetti \u00e8 vero, occhio non vede cuore non duole, o citando un famoso autore, <em><strong>l&#039;ignoranza \u00e8 forza.<\/strong><\/em><\/p>\n<p>E qui mi fermo. Credo di aver messo anche troppa carne al fuoco, specie visto che piuttosto che mangiare, qualcuno preferisce stare a guardare, parlare, e morire di fame. Non posso e non voglio farne una colpa, <em><strong>ognuno \u00e8 padrone di fare come vuole.<\/em><\/strong><\/p>\n<p>Ma, rileggendomi alcune frasi tratte dal romanzo di Orwell 1984, mi \u00e8 sembrato che davvero si stia tentando l&#039;omologazione, il &#039;fare tutti allo stesso modo&#039;, mettendo da parte le proprie diversit\u00e0, che sono psicoreato, e seguendo quello che viene riconosciuto l&#039;unico modo accettabile di essere.<br \/>\nMi riferisco al non accettare un parere diverso. A non accettare il fatto che, fatto incredibile, anche io ho la facolt\u00e0 di parola.<br \/>\nIntendiamoci: io <em><strong>ringrazio<\/strong><\/em> tutti quelli che sono intervenuti a propria o altrui difesa. Mi hanno fornito un&#039;alternativa all&#039;interpretare i fatti, e sicuramente hanno contribuito al mio &#039;me&#039;. Quello che spero \u00e8 che anche tutta la rabbia che ho sparato in campo abbia influito su altri e che non sia, come invece spesso \u00e8, un processo a senso unico.<\/p>\n","protected":false},"author":1,"featured_media":0,"comment_status":"open","ping_status":"open","sticky":false,"template":"","format":"standard","meta":{"footnotes":""},"categories":[3],"tags":[],"_links":{"self":[{"href":"https:\/\/www.italiaonwine.net\/index.php?rest_route=\/wp\/v2\/posts\/120"}],"collection":[{"href":"https:\/\/www.italiaonwine.net\/index.php?rest_route=\/wp\/v2\/posts"}],"about":[{"href":"https:\/\/www.italiaonwine.net\/index.php?rest_route=\/wp\/v2\/types\/post"}],"author":[{"embeddable":true,"href":"https:\/\/www.italiaonwine.net\/index.php?rest_route=\/wp\/v2\/users\/1"}],"replies":[{"embeddable":true,"href":"https:\/\/www.italiaonwine.net\/index.php?rest_route=%2Fwp%2Fv2%2Fcomments&post=120"}],"version-history":[{"count":0,"href":"https:\/\/www.italiaonwine.net\/index.php?rest_route=\/wp\/v2\/posts\/120\/revisions"}],"wp:attachment":[{"href":"https:\/\/www.italiaonwine.net\/index.php?rest_route=%2Fwp%2Fv2%2Fmedia&parent=120"}],"wp:term":[{"taxonomy":"category","embeddable":true,"href":"https:\/\/www.italiaonwine.net\/index.php?rest_route=%2Fwp%2Fv2%2Fcategories&post=120"},{"taxonomy":"post_tag","embeddable":true,"href":"https:\/\/www.italiaonwine.net\/index.php?rest_route=%2Fwp%2Fv2%2Ftags&post=120"}],"curies":[{"name":"wp","href":"https:\/\/api.w.org\/{rel}","templated":true}]}}