{"id":114,"date":"2007-02-23T21:30:17","date_gmt":"2007-02-23T21:30:17","guid":{"rendered":"http:\/\/iowtest.sytes.net\/?p=114"},"modified":"2007-02-23T21:30:17","modified_gmt":"2007-02-23T21:30:17","slug":"public-relations-and-more","status":"publish","type":"post","link":"https:\/\/www.italiaonwine.net\/?p=114","title":{"rendered":"Public relations and more"},"content":{"rendered":"<p>Quello che ho fatto questa settimana: seguire amicizie e conoscenze che non avevo pi\u00f9 avuto il tempo di gestire.<br \/>\nIn quel poco tempo che mi \u00e8 rimasto libero tra dentista (ahi ahi&#8230;), lavori a casa e divertimento sono andato a trovare un p\u00f2 di gente che non vedevo da tempo. <em><strong>Daniele<\/strong><\/em> sta bene, ha (finalmente!) ripreso a studiare, convinto di finire l&#039;universit\u00e0 velocemente, e sta meditando di andare a lavorare in <em><strong>Australia<\/strong><\/em>. Mi pare un p\u00f2 un&#039;idea da fuga&#8230; gi\u00e0 un altro amico di fronte ai casini locali aveva pensato di andarci, salvo poi ritrattare di fronte a un miglioramento, seppur temporaneo, della situazione, e non senza mio merito (e disappunto! ci ho rimesso di mio x risolvere il suo problema!) Ma se ne \u00e8 convinto, buon per lui! Spero comunque che non si illuda che cos\u00ec distante da qui sia tutto diverso!<br \/>\nPoi sono andato a trovare qualche vecchio amico in <em><strong>Arcolegno<\/strong><\/em>. Si sono trasferiti a Carmignano! E che sede.. cacchio \u00e8 enorme! E a parte quella, anche li \u00e8 cambiato poco nulla. Ritmi frenetici&#8230; e davvero, non sento proprio nostalgia n\u00e8 rimpianto per il lavoro come tecnico, specie da loro. Come amici tutto ok si, ma il correre e il continuo inseguire il fatturato proprio non fanno per me!<br \/>\nA casa sono state due settimane di fuoco, ecco perch\u00e8 non ho pi\u00f9 aggiornato. Altro che due settimane di ferie!<br \/>\nSabato dopo l&#039;esame sono andato a donare all&#039;avis. E fin qui&#8230; tutto bene. Salvo che poi ci son tornato, in ospedale. Mia nonna ha avuto un&#039;ischemia, e l&#039;hanno tenuta ricoverata per una settimana intera. Per cui avanti indietro tra casa e il <em>reparto geriatrico<\/em>, che s&#039;era temporaneamente trasferito da casa Magrin all&#039;ospedale civile di Cittadella. Fortunatamente, oltre a diagnosticare un rincitrullimento da alzheimer, altro non han trovato. Ma comunque \u00e8 stata una esperienza pesante!<br \/>\nCome se non bastasse, martedi dal dentista. Rimozione coatta del dente del giudizio. E i giorni successivi ad aulin&#8230;<br \/>\nMa di cose positive ce ne sono state, fortunatamente! Intanto il mio terminale diskless \u00e8 completo, funzionante e gi\u00e0 arroccato nella mia caverna&#8230;<br \/>\n<img src=images\/thinstation.jpg popup=false\/><br \/>\n&#8230;ed \u00e8 pure fanless, per cui zero assoluto di rumore!<br \/>\nInoltre all&#039;esame di sviluppo, che non credevo di aver passato, ho scoperto di aver preso <em><strong>28<\/strong><\/em>! Un numero col botto!<br \/>\nAppena ho letto i risultati, ho fatto un salto sulla sedia urlando: Cosa??!??!<br \/>\nE ho ricontrollato la pagina pi\u00f9 e pi\u00f9 volte, come a volerne essere sicuro, non ci credevo nemmeno, e invece&#8230;! E adesso ho la media del 29, dopo aver inanellato due 28 e due 30&#8230; mica male per uno che ha appena iniziato, dopo anni in un settore completamente diverso!<br \/>\nE ora sono sempre pi\u00f9 motivato&#8230; tant&#039;\u00e8 che ieri a registrare mi sono reso conto di due cose importanti. La prima, che \u00e8 proprio la mia strada, e che ce la posso sicuramente fare. La seconda, che c&#039;\u00e8 una tipa carina che mi piace proprio.<\/p>\n<p>Sono stato davvero prolisso stavolta. Forse troppo. Ma visto che aggiorno poco, almeno chi legge non avr\u00e0 di che lamentarsi!<br \/>\nAggiungo solo un qualcosa che ho trovato in rete poco pi\u00f9 di un paio di settimane fa, nel momento pi\u00f9 nero totale, e che mi ha dato una &#039;pedata sul sedere&#039; per andare avanti<\/p>\n<p><em>Si possono percorrere milioni di chilometri in una sola vita<br \/>\nsenza mai scalfire la superficie dei luoghi<br \/>\nn\u00e9 imparare nulla dalle genti appena sfiorate.<br \/>\nIl senso del viaggio sta nel fermarsi ad ascoltare<br \/>\nchiunque abbia una storia da raccontare.<br \/>\n<img src=images\/cammino.jpg popup=true\/><br \/>\nCamminando si apprende la vita<br \/>\ncamminando si conoscono le cose<br \/>\ncamminando si sanano le ferite del giorno prima.<br \/>\nCammina guardando una stella<br \/>\nascoltando una voce<br \/>\nseguendo le orme di altri passi.<br \/>\nCammina cercando la vita<br \/>\ncurando le ferite lasciate dai dolori.<br \/>\nNiente pu\u00f2 cancellare il ricordo del cammino percorso. <\/p>\n<p><strong>I ricordi del nostro viaggio, dei nostri viaggi .. non potranno mai essere cancellati.<\/strong><\/em><\/p>\n","protected":false},"excerpt":{"rendered":"<p>Quello che ho fatto questa settimana: seguire amicizie e conoscenze che non avevo pi\u00f9 avuto il tempo di gestire.<br \/>\nIn quel poco tempo che mi \u00e8 rimasto libero tra dentista (ahi ahi&#8230;), lavori a casa e divertimento sono andato a trovare un p\u00f2 di gente che non vedevo da tempo. <em><strong>Daniele<\/strong><\/em> sta bene, ha (finalmente!) ripreso a studiare, convinto di finire l&#039;universit\u00e0 velocemente, e sta meditando di andare a lavorare in <em><strong>Australia<\/strong><\/em>. Mi pare un p\u00f2 un&#039;idea da fuga&#8230; gi\u00e0 un altro amico di fronte ai casini locali aveva pensato di andarci, salvo poi ritrattare di fronte a un miglioramento, seppur temporaneo, della situazione, e non senza mio merito (e disappunto! ci ho rimesso di mio x risolvere il suo problema!) Ma se ne \u00e8 convinto, buon per lui! Spero comunque che non si illuda che cos\u00ec distante da qui sia tutto diverso!<br \/>\nPoi sono andato a trovare qualche vecchio amico in <em><strong>Arcolegno<\/strong><\/em>. Si sono trasferiti a Carmignano! E che sede.. cacchio \u00e8 enorme! E a parte quella, anche li \u00e8 cambiato poco nulla. Ritmi frenetici&#8230; e davvero, non sento proprio nostalgia n\u00e8 rimpianto per il lavoro come tecnico, specie da loro. Come amici tutto ok si, ma il correre e il continuo inseguire il fatturato proprio non fanno per me!<br \/>\nA casa sono state due settimane di fuoco, ecco perch\u00e8 non ho pi\u00f9 aggiornato. Altro che due settimane di ferie!<br \/>\nSabato dopo l&#039;esame sono andato a donare all&#039;avis. E fin qui&#8230; tutto bene. Salvo che poi ci son tornato, in ospedale. Mia nonna ha avuto un&#039;ischemia, e l&#039;hanno tenuta ricoverata per una settimana intera. Per cui avanti indietro tra casa e il <em>reparto geriatrico<\/em>, che s&#039;era temporaneamente trasferito da casa Magrin all&#039;ospedale civile di Cittadella. Fortunatamente, oltre a diagnosticare un rincitrullimento da alzheimer, altro non han trovato. Ma comunque \u00e8 stata una esperienza pesante!<br \/>\nCome se non bastasse, martedi dal dentista. Rimozione coatta del dente del giudizio. E i giorni successivi ad aulin&#8230;<br \/>\nMa di cose positive ce ne sono state, fortunatamente! Intanto il mio terminale diskless \u00e8 completo, funzionante e gi\u00e0 arroccato nella mia caverna&#8230;<br \/>\n<img src=images\/thinstation.jpg popup=false\/><br \/>\n&#8230;ed \u00e8 pure fanless, per cui zero assoluto di rumore!<br \/>\nInoltre all&#039;esame di sviluppo, che non credevo di aver passato, ho scoperto di aver preso <em><strong>28<\/strong><\/em>! Un numero col botto!<br \/>\nAppena ho letto i risultati, ho fatto un salto sulla sedia urlando: Cosa??!??!<br \/>\nE ho ricontrollato la pagina pi\u00f9 e pi\u00f9 volte, come a volerne essere sicuro, non ci credevo nemmeno, e invece&#8230;! E adesso ho la media del 29, dopo aver inanellato due 28 e due 30&#8230; mica male per uno che ha appena iniziato, dopo anni in un settore completamente diverso!<br \/>\nE ora sono sempre pi\u00f9 motivato&#8230; tant&#039;\u00e8 che ieri a registrare mi sono reso conto di due cose importanti. La prima, che \u00e8 proprio la mia strada, e che ce la posso sicuramente fare. La seconda, che c&#039;\u00e8 una tipa carina che mi piace proprio.<\/p>\n<p>Sono stato davvero prolisso stavolta. Forse troppo. Ma visto che aggiorno poco, almeno chi legge non avr\u00e0 di che lamentarsi!<br \/>\nAggiungo solo un qualcosa che ho trovato in rete poco pi\u00f9 di un paio di settimane fa, nel momento pi\u00f9 nero totale, e che mi ha dato una &#039;pedata sul sedere&#039; per andare avanti<\/p>\n<p><em>Si possono percorrere milioni di chilometri in una sola vita<br \/>\nsenza mai scalfire la superficie dei luoghi<br \/>\nn\u00e9 imparare nulla dalle genti appena sfiorate.<br \/>\nIl senso del viaggio sta nel fermarsi ad ascoltare<br \/>\nchiunque abbia una storia da raccontare.<br \/>\n<img src=images\/cammino.jpg popup=true\/><br \/>\nCamminando si apprende la vita<br \/>\ncamminando si conoscono le cose<br \/>\ncamminando si sanano le ferite del giorno prima.<br \/>\nCammina guardando una stella<br \/>\nascoltando una voce<br \/>\nseguendo le orme di altri passi.<br \/>\nCammina cercando la vita<br \/>\ncurando le ferite lasciate dai dolori.<br \/>\nNiente pu\u00f2 cancellare il ricordo del cammino percorso. <\/p>\n<p><strong>I ricordi del nostro viaggio, dei nostri viaggi .. non potranno mai essere cancellati.<\/strong><\/em><\/p>\n","protected":false},"author":1,"featured_media":0,"comment_status":"open","ping_status":"open","sticky":false,"template":"","format":"standard","meta":{"footnotes":""},"categories":[3],"tags":[],"_links":{"self":[{"href":"https:\/\/www.italiaonwine.net\/index.php?rest_route=\/wp\/v2\/posts\/114"}],"collection":[{"href":"https:\/\/www.italiaonwine.net\/index.php?rest_route=\/wp\/v2\/posts"}],"about":[{"href":"https:\/\/www.italiaonwine.net\/index.php?rest_route=\/wp\/v2\/types\/post"}],"author":[{"embeddable":true,"href":"https:\/\/www.italiaonwine.net\/index.php?rest_route=\/wp\/v2\/users\/1"}],"replies":[{"embeddable":true,"href":"https:\/\/www.italiaonwine.net\/index.php?rest_route=%2Fwp%2Fv2%2Fcomments&post=114"}],"version-history":[{"count":0,"href":"https:\/\/www.italiaonwine.net\/index.php?rest_route=\/wp\/v2\/posts\/114\/revisions"}],"wp:attachment":[{"href":"https:\/\/www.italiaonwine.net\/index.php?rest_route=%2Fwp%2Fv2%2Fmedia&parent=114"}],"wp:term":[{"taxonomy":"category","embeddable":true,"href":"https:\/\/www.italiaonwine.net\/index.php?rest_route=%2Fwp%2Fv2%2Fcategories&post=114"},{"taxonomy":"post_tag","embeddable":true,"href":"https:\/\/www.italiaonwine.net\/index.php?rest_route=%2Fwp%2Fv2%2Ftags&post=114"}],"curies":[{"name":"wp","href":"https:\/\/api.w.org\/{rel}","templated":true}]}}